{"id":1478,"date":"2023-10-09T17:21:24","date_gmt":"2023-10-09T17:21:24","guid":{"rendered":"https:\/\/www.iyitarifler.com\/blog\/cocuklarda-kardes-kiskancligi-nasil-onlenir\/1478"},"modified":"2023-11-25T10:39:18","modified_gmt":"2023-11-25T10:39:18","slug":"cocuklarda-kardes-kiskancligi-nasil-onlenir","status":"publish","type":"post","link":"https:\/\/www.iyitarifler.com\/blog\/cocuklarda-kardes-kiskancligi-nasil-onlenir","title":{"rendered":"\u00c7ocuklarda Karde\u015f K\u0131skan\u00e7l\u0131\u011f\u0131 Nas\u0131l \u00d6nlenir ?"},"content":{"rendered":"\n<div id=\"detailBody\"><strong>\u00c7ocuklarda Karde\u015f K\u0131skan\u00e7l\u0131\u011f\u0131na kar\u015f\u0131 yap\u0131lmas\u0131 gerekenler<\/strong><\/div>\n\n\n\n<div>\u0130kinci bir \u00e7ocu\u011fumuzun olmas\u0131n\u0131 istedi\u011fimizde, her \u015feyden \u00f6nce ilk \u00e7ocu\u011fumuzu bu s\u00fcrece sa\u011fl\u0131kl\u0131 haz\u0131rlamam\u0131z gerekir. \u00c7\u00fcnk\u00fc \u00e7ocu\u011fumuzun karde\u015finin olaca\u011f\u0131na haz\u0131rl\u0131ks\u0131z olmas\u0131 demek, k\u0131skan\u00e7l\u0131k ve ge\u00e7imsizlik yapacak demektir. Bu y\u00fczden ikinci \u00e7ocu\u011fa sahip olmaya karar verdi\u011finiz zamandan itibaren \u00e7ocu\u011funuzu bu duruma haz\u0131rlamaya ba\u015flamal\u0131s\u0131n\u0131z.<\/div>\n\n\n\n<div>\n<p>\u00d6zellikle do\u011fumdan \u00f6nce \u00e7ocu\u011funuzla kaliteli zaman ge\u00e7irmeli ve bir karde\u015finin olmas\u0131 durumunda kendisine duyulan sevginin azalaca\u011f\u0131na veya bitece\u011fine dair olan korkular\u0131ndan uzakla\u015ft\u0131r\u0131lmal\u0131d\u0131r. \u00c7ocu\u011funuz 3 ya\u015f\u0131n\u0131 ge\u00e7tiyse yar\u0131m g\u00fcn i\u00e7in anaokuluna g\u00f6nderebilir, payla\u015fmay\u0131 \u00f6\u011frenmesini ve sosyalle\u015fmesini sa\u011flayabilirsiniz. B\u00f6ylece yeni karde\u015fini sevmenin al\u0131\u015ft\u0131rmas\u0131n\u0131 yapabilecektir. 3 ya\u015f \u00f6ncesi \u00e7ocu\u011funuzda da hareketlerinizle ve s\u00f6zlerinizle onu sevdi\u011finizi ve hi\u00e7bir \u015feyin bu sevgiyi eksiltmeyece\u011fini hissettirmeniz gerekir. Karde\u015fi do\u011fmadan \u00f6nce onun odas\u0131n\u0131 ay\u0131rman\u0131zda da fayda vard\u0131r.<\/p>\n\n<p>Do\u011fumun yakla\u015ft\u0131\u011f\u0131 d\u00f6nemde ise annenin yorgunluklar\u0131 artacakt\u0131r, ancak anne \u00e7ocu\u011fun kendisinde g\u00f6r\u00fclen fiziksel de\u011fi\u015fimin karde\u015finden kaynakland\u0131\u011f\u0131n\u0131 d\u00fc\u015f\u00fcnmemesi ad\u0131na her \u015feyi normalle\u015ftirmeye \u00e7al\u0131\u015fmal\u0131d\u0131r.<\/p>\n<p>Do\u011fum esnas\u0131nda hastane bah\u00e7esinde babas\u0131 ile beklemesi ve \u00e7ocu\u011fun heyecan\u0131n\u0131n etraf\u0131ndaki insanlarla payla\u015fmas\u0131 gerekir. Karde\u015fi do\u011fdu\u011funda onunla ilk kar\u015f\u0131la\u015fmas\u0131 karde\u015finin yata\u011f\u0131nda olmal\u0131 ve karde\u015finden gelen k\u00fc\u00e7\u00fck bir merhaba hediyesi ile k\u00fc\u00e7\u00fck bir s\u00fcrpriz yap\u0131lmal\u0131d\u0131r. Bu \u00e7ocu\u011fu hem rahatlatacak hem de karde\u015fini sevmesini kolayla\u015ft\u0131racakt\u0131r.<\/p>\n\n<p>Annenin bebe\u011fi emzirirken di\u011fer <a href=\"https:\/\/www.iyitarifler.com\/blog\">\u00e7ocu\u011fun<\/a> da yak\u0131nda olmas\u0131 ve bu an\u0131 \u00fc\u00e7\u00fcn\u00fcn payla\u015fmas\u0131 da \u00f6nemli olacakt\u0131r. Eve geldi\u011finizde kendisinin ve karde\u015finin odas\u0131ndaki dekorasyon de\u011fi\u015fikliklerini onunla birlikte organize etmeniz de ho\u015funa gidecektir. Karde\u015flerin aras\u0131nda kesinlikle k\u0131yaslama yapmay\u0131n, unutmay\u0131n ki karde\u015f de olsalar onlar birbirinden farkl\u0131 karakterlere sahip olabilirler, ayn\u0131 zamanda yetenekleri ve zekalar\u0131 da farkl\u0131 olabilir. Onlar\u0131 k\u0131yaslaman\u0131n yerine yetenekleri ve ba\u015far\u0131lar\u0131yla mutlu olman\u0131z ve birbirlerini tebrik etmeyi \u00f6\u011fretmeniz gerekir.<\/p>\n<p><span style=\"font-size: revert; color: initial;\">www.iyitarifler.com\/blog<\/span><\/p>\n<\/div>\n","protected":false},"excerpt":{"rendered":"<p>\u00c7ocuklarda Karde\u015f K\u0131skan\u00e7l\u0131\u011f\u0131na kar\u015f\u0131 yap\u0131lmas\u0131 gerekenler \u0130kinci bir \u00e7ocu\u011fumuzun olmas\u0131n\u0131 istedi\u011fimizde, her \u015feyden \u00f6nce ilk \u00e7ocu\u011fumuzu bu s\u00fcrece sa\u011fl\u0131kl\u0131 haz\u0131rlamam\u0131z gerekir. \u00c7\u00fcnk\u00fc \u00e7ocu\u011fumuzun karde\u015finin olaca\u011f\u0131na haz\u0131rl\u0131ks\u0131z olmas\u0131 demek, k\u0131skan\u00e7l\u0131k ve ge\u00e7imsizlik yapacak demektir. Bu y\u00fczden ikinci \u00e7ocu\u011fa sahip olmaya karar verdi\u011finiz zamandan itibaren \u00e7ocu\u011funuzu bu duruma haz\u0131rlamaya ba\u015flamal\u0131s\u0131n\u0131z. \u00d6zellikle do\u011fumdan \u00f6nce \u00e7ocu\u011funuzla kaliteli zaman ge\u00e7irmeli [&hellip;]<\/p>\n","protected":false},"author":1,"featured_media":0,"comment_status":"open","ping_status":"open","sticky":false,"template":"","format":"standard","meta":{"footnotes":""},"categories":[83],"tags":[1121,1122],"class_list":["post-1478","post","type-post","status-publish","format-standard","hentry","category-cocuk-gelisimi","tag-cocuklarda-kiskanclik","tag-cocuklarda-kiskanclik-nasil-onlenir"],"aioseo_notices":[],"_links":{"self":[{"href":"https:\/\/www.iyitarifler.com\/blog\/wp-json\/wp\/v2\/posts\/1478","targetHints":{"allow":["GET"]}}],"collection":[{"href":"https:\/\/www.iyitarifler.com\/blog\/wp-json\/wp\/v2\/posts"}],"about":[{"href":"https:\/\/www.iyitarifler.com\/blog\/wp-json\/wp\/v2\/types\/post"}],"author":[{"embeddable":true,"href":"https:\/\/www.iyitarifler.com\/blog\/wp-json\/wp\/v2\/users\/1"}],"replies":[{"embeddable":true,"href":"https:\/\/www.iyitarifler.com\/blog\/wp-json\/wp\/v2\/comments?post=1478"}],"version-history":[{"count":6,"href":"https:\/\/www.iyitarifler.com\/blog\/wp-json\/wp\/v2\/posts\/1478\/revisions"}],"predecessor-version":[{"id":1774,"href":"https:\/\/www.iyitarifler.com\/blog\/wp-json\/wp\/v2\/posts\/1478\/revisions\/1774"}],"wp:attachment":[{"href":"https:\/\/www.iyitarifler.com\/blog\/wp-json\/wp\/v2\/media?parent=1478"}],"wp:term":[{"taxonomy":"category","embeddable":true,"href":"https:\/\/www.iyitarifler.com\/blog\/wp-json\/wp\/v2\/categories?post=1478"},{"taxonomy":"post_tag","embeddable":true,"href":"https:\/\/www.iyitarifler.com\/blog\/wp-json\/wp\/v2\/tags?post=1478"}],"curies":[{"name":"wp","href":"https:\/\/api.w.org\/{rel}","templated":true}]}}