{"id":1496,"date":"2023-08-13T20:28:00","date_gmt":"2023-08-13T20:28:00","guid":{"rendered":"https:\/\/www.iyitarifler.com\/blog\/cocuklari-kufurden-nasil-uzak-tutabiliriz\/1496"},"modified":"2023-11-25T10:31:27","modified_gmt":"2023-11-25T10:31:27","slug":"cocuklari-kufurden-nasil-uzak-tutabiliriz","status":"publish","type":"post","link":"https:\/\/www.iyitarifler.com\/blog\/cocuklari-kufurden-nasil-uzak-tutabiliriz","title":{"rendered":"\u00c7ocuklar\u0131 K\u00fcf\u00fcrden Nas\u0131l Uzak Tutabiliriz?"},"content":{"rendered":"\n<p>\u00c7ocuklar\u0131 K\u00fcf\u00fcrden Nas\u0131l Uzak Tutabiliriz?<\/p>\n\n\n<div id=\"detailBody\"><br \/>Son zamanlarda evde, okulda, sokakta gibi mek\u00e2nlarda s\u0131kl\u0131kla kar\u015f\u0131la\u015ft\u0131\u011f\u0131m\u0131z bir durumdur.<br \/>Bu durum ilk ba\u015fta ailelerde olu\u015fan bir nedenden kaynaklan\u0131r. \u00c7\u00fcnk\u00fc aile \u00e7ocuklar i\u00e7in bir yuva bir okuldur. Bizler anne babalar her zaman \u00e7ocuklar i\u00e7in birer modeliz. Onlar\u0131n g\u00f6z\u00fcnde \u00f6rnek al\u0131nacak bireyleriz. \u0130lk ba\u015fta bizler ev i\u00e7inde olsun ve ya birlikte olunan bir mek\u00e2nda her zaman s\u00f6zlerimize dikkat etmeliyiz.<\/div>\n<div>\u00a0<\/div>\n<div>\u00a0<\/div>\n<div>\u00c7ocuklar o zaman bizim dediklerimizi ak\u0131llar\u0131na koyar ve daha sonra onlarda belli bir ortamda bu dedi\u011fimiz s\u00f6zleri ister istemez tekrarlarlar. \u00c7\u00fcnk\u00fc onlar s\u00f6z\u00fcn do\u011fru olup olmad\u0131\u011f\u0131na bakmazlar onlar i\u00e7in as\u0131l \u00f6nemli \u015fey s\u00f6z\u00fc s\u00f6yleyen ki\u015fidir. S\u00f6z\u00fc anne baba s\u00f6ylemi\u015fse onlara g\u00f6re anne baba do\u011fru ki\u015fidir ve s\u00f6yledikleri s\u00f6z de do\u011frudur. Aile bir okuldur \u00e7ocuklar bu okulda en temiz bilgilerle b\u00fcy\u00fcmelidirler. Bu y\u00fczden bu okulda herkes dikkatli konu\u015fmal\u0131d\u0131r \u00e7ocuklar\u0131n\u0131n yan\u0131nda.\n<p>A\u011fa\u00e7 ya\u015fken e\u011filir misalidir \u00e7ocuklar. \u00c7ocu\u011fun \u00e7ocuk olmas\u0131 gere\u011fidir b\u00fcy\u00fcmeye do\u011fru yol al\u0131rken istedi\u011fi her \u015feyi faaliyete ge\u00e7irecektir. Bizlere d\u00fc\u015fen ise bu yolda onlara yard\u0131mc\u0131 olmak onlar\u0131 daha d\u00fczg\u00fcn konu\u015fmalar\u0131na olanak sa\u011flamakt\u0131r.<br \/>\u00d6zellikle 3 ve 10 ya\u015f aras\u0131 \u00e7ocuklar daha yeni dilleri geli\u015fece\u011finden onlar\u0131 belli kurallar \u00e7er\u00e7evesinde bilgilendirmeliyiz.<br \/>\u00c7ocuk k\u00fcf\u00fcr etmeye yakalanm\u0131\u015f ise buna kesinlikle dayakla cevap vermemeliyiz \u00e7\u00fcnk\u00fc dayak \u00e7ocu\u011fu daha da k\u00fcf\u00fcr etmesine neden olur. \u0130kinci bir yanl\u0131\u015f husus ise ceza hi\u00e7bir zaman ceza \u00e7\u00f6z\u00fcm de\u011fildir.<\/p>\n<p>Daha sonra onlarla ileti\u015fime ge\u00e7erken \u00f6zellikle annelerimiz onlar\u0131 konu\u015fma konusunda bilgilendirmelidirler. \u00c7\u00fcnk\u00fc anne her zaman \u00e7ocuk i\u00e7in bir modeldir.<br \/>Yeni nesil i\u00e7in \u00e7ocuklar \u00f6nemlidir.<\/p>\n<\/div>\n<p>www.iyitarifler.com\/blog<\/p>","protected":false},"excerpt":{"rendered":"<p>\u00c7ocuklar\u0131 K\u00fcf\u00fcrden Nas\u0131l Uzak Tutabiliriz? Son zamanlarda evde, okulda, sokakta gibi mek\u00e2nlarda s\u0131kl\u0131kla kar\u015f\u0131la\u015ft\u0131\u011f\u0131m\u0131z bir durumdur.Bu durum ilk ba\u015fta ailelerde olu\u015fan bir nedenden kaynaklan\u0131r. \u00c7\u00fcnk\u00fc aile \u00e7ocuklar i\u00e7in bir yuva bir okuldur. Bizler anne babalar her zaman \u00e7ocuklar i\u00e7in birer modeliz. Onlar\u0131n g\u00f6z\u00fcnde \u00f6rnek al\u0131nacak bireyleriz. \u0130lk ba\u015fta bizler ev i\u00e7inde olsun ve ya birlikte [&hellip;]<\/p>\n","protected":false},"author":1,"featured_media":0,"comment_status":"open","ping_status":"open","sticky":false,"template":"","format":"standard","meta":{"footnotes":""},"categories":[83],"tags":[1055],"class_list":["post-1496","post","type-post","status-publish","format-standard","hentry","category-cocuk-gelisimi","tag-cocuklarda-kufur"],"aioseo_notices":[],"_links":{"self":[{"href":"https:\/\/www.iyitarifler.com\/blog\/wp-json\/wp\/v2\/posts\/1496","targetHints":{"allow":["GET"]}}],"collection":[{"href":"https:\/\/www.iyitarifler.com\/blog\/wp-json\/wp\/v2\/posts"}],"about":[{"href":"https:\/\/www.iyitarifler.com\/blog\/wp-json\/wp\/v2\/types\/post"}],"author":[{"embeddable":true,"href":"https:\/\/www.iyitarifler.com\/blog\/wp-json\/wp\/v2\/users\/1"}],"replies":[{"embeddable":true,"href":"https:\/\/www.iyitarifler.com\/blog\/wp-json\/wp\/v2\/comments?post=1496"}],"version-history":[{"count":2,"href":"https:\/\/www.iyitarifler.com\/blog\/wp-json\/wp\/v2\/posts\/1496\/revisions"}],"predecessor-version":[{"id":3388,"href":"https:\/\/www.iyitarifler.com\/blog\/wp-json\/wp\/v2\/posts\/1496\/revisions\/3388"}],"wp:attachment":[{"href":"https:\/\/www.iyitarifler.com\/blog\/wp-json\/wp\/v2\/media?parent=1496"}],"wp:term":[{"taxonomy":"category","embeddable":true,"href":"https:\/\/www.iyitarifler.com\/blog\/wp-json\/wp\/v2\/categories?post=1496"},{"taxonomy":"post_tag","embeddable":true,"href":"https:\/\/www.iyitarifler.com\/blog\/wp-json\/wp\/v2\/tags?post=1496"}],"curies":[{"name":"wp","href":"https:\/\/api.w.org\/{rel}","templated":true}]}}