{"id":1627,"date":"2023-11-06T16:31:00","date_gmt":"2023-11-06T16:31:00","guid":{"rendered":"https:\/\/www.iyitarifler.com\/blog\/meme-kanseri-neden-olur\/1627"},"modified":"2023-11-20T21:25:35","modified_gmt":"2023-11-20T21:25:35","slug":"meme-kanseri-neden-olur","status":"publish","type":"post","link":"https:\/\/www.iyitarifler.com\/blog\/meme-kanseri-neden-olur","title":{"rendered":"Meme kanseri neden olur?"},"content":{"rendered":"<div style=\"margin-top: 0!important;\">\n<p>Meme kanseri neden olur?<\/p>\n<p>Cevap:Meme kanserinin nedenleri (Etioloji) Bug\u00fcne kadar s\u00fcrd\u00fcr\u00fclen yo\u011fun ve \u00e7ok say\u0131daki \u00e7al\u0131\u015fmalara kar\u015f\u0131n, b\u00fct\u00fcn \u00f6teki kanserlerde oldu\u011fu gibi, meme kanserinin de kesin nedeni ortaya konulamam\u0131\u015ft\u0131r. Ama yine de s\u00fcrd\u00fcr\u00fclen \u00e7al\u0131\u015fmalar, meme kanseriyle ilgisi bulunan pek \u00e7ok etkeni ortaya \u00e7\u0131karm\u0131\u015ft\u0131r. Bu etkenlerin hi\u00e7biri tek ba\u015f\u0131na meme kanserini a\u00e7\u0131klayacak yeterlilikte de\u011fildir. Kanserle ili\u015fkisi oldu\u011fu d\u00fc\u015f\u00fcn\u00fclen ve hepsinde olmamakla birlikte \u00f6nemli say\u0131daki kanser olaylar\u0131yla ili\u015fkili oldu\u011fu ortaya konan bu etkenlerin baz\u0131lar\u0131 say\u0131lamalara, baz\u0131lar\u0131 da deneysel \u00e7al\u0131\u015fmalara dayan\u0131larak bulunmu\u015ftur.<\/p>\n<p><span style=\"font-size: revert; color: initial;\">www.iyitarifler.com\/blog<\/span><\/p>\n<\/div>\n","protected":false},"excerpt":{"rendered":"<p>Meme kanseri neden olur? Cevap:Meme kanserinin nedenleri (Etioloji) Bug\u00fcne kadar s\u00fcrd\u00fcr\u00fclen yo\u011fun ve \u00e7ok say\u0131daki \u00e7al\u0131\u015fmalara kar\u015f\u0131n, b\u00fct\u00fcn \u00f6teki kanserlerde oldu\u011fu gibi, meme kanserinin de kesin nedeni ortaya konulamam\u0131\u015ft\u0131r. Ama yine de s\u00fcrd\u00fcr\u00fclen \u00e7al\u0131\u015fmalar, meme kanseriyle ilgisi bulunan pek \u00e7ok etkeni ortaya \u00e7\u0131karm\u0131\u015ft\u0131r. Bu etkenlerin hi\u00e7biri tek ba\u015f\u0131na meme kanserini a\u00e7\u0131klayacak yeterlilikte de\u011fildir. Kanserle ili\u015fkisi [&hellip;]<\/p>\n","protected":false},"author":1,"featured_media":0,"comment_status":"open","ping_status":"open","sticky":false,"template":"","format":"standard","meta":{"footnotes":""},"categories":[65],"tags":[715,1077,1078],"class_list":["post-1627","post","type-post","status-publish","format-standard","hentry","category-saglik","tag-meme-kanseri","tag-meme-kanseri-belirtileri","tag-meme-kanseri-belirtileri-nelerdir"],"aioseo_notices":[],"_links":{"self":[{"href":"https:\/\/www.iyitarifler.com\/blog\/wp-json\/wp\/v2\/posts\/1627","targetHints":{"allow":["GET"]}}],"collection":[{"href":"https:\/\/www.iyitarifler.com\/blog\/wp-json\/wp\/v2\/posts"}],"about":[{"href":"https:\/\/www.iyitarifler.com\/blog\/wp-json\/wp\/v2\/types\/post"}],"author":[{"embeddable":true,"href":"https:\/\/www.iyitarifler.com\/blog\/wp-json\/wp\/v2\/users\/1"}],"replies":[{"embeddable":true,"href":"https:\/\/www.iyitarifler.com\/blog\/wp-json\/wp\/v2\/comments?post=1627"}],"version-history":[{"count":1,"href":"https:\/\/www.iyitarifler.com\/blog\/wp-json\/wp\/v2\/posts\/1627\/revisions"}],"predecessor-version":[{"id":2236,"href":"https:\/\/www.iyitarifler.com\/blog\/wp-json\/wp\/v2\/posts\/1627\/revisions\/2236"}],"wp:attachment":[{"href":"https:\/\/www.iyitarifler.com\/blog\/wp-json\/wp\/v2\/media?parent=1627"}],"wp:term":[{"taxonomy":"category","embeddable":true,"href":"https:\/\/www.iyitarifler.com\/blog\/wp-json\/wp\/v2\/categories?post=1627"},{"taxonomy":"post_tag","embeddable":true,"href":"https:\/\/www.iyitarifler.com\/blog\/wp-json\/wp\/v2\/tags?post=1627"}],"curies":[{"name":"wp","href":"https:\/\/api.w.org\/{rel}","templated":true}]}}