{"id":4996,"date":"2025-07-18T21:32:25","date_gmt":"2025-07-18T21:32:25","guid":{"rendered":"https:\/\/www.iyitarifler.com\/blog\/?p=4996"},"modified":"2025-12-14T02:48:00","modified_gmt":"2025-12-14T02:48:00","slug":"masterchef-ayla-kimdir-nereli-kac-yasinda","status":"publish","type":"post","link":"https:\/\/www.iyitarifler.com\/blog\/masterchef-ayla-kimdir-nereli-kac-yasinda","title":{"rendered":"MasterChef Ayla kimdir, Nereli, Ka\u00e7 Ya\u015f\u0131nda"},"content":{"rendered":"\n<p><strong>Master\u015fef<\/strong>&#8216;te ana kadroya girmeye hak kazanan <strong>Ayla Canpunar kimdir<\/strong>? Ka\u00e7 ya\u015f\u0131nda nerelidir?<\/p>\n\n\n\n<p>\u00d6nceki g\u00fcn ki Master\u015fef ana kadroya girme yar\u0131\u015fmas\u0131nda 1. olarak ana kadroya giren 7. yar\u0131\u015fmac\u0131 hakk\u0131nda bilgiler \u015f\u00f6yle :<\/p>\n\n\n\n<p>Masterchef&#8217;te <strong>Ayla Canpunar<\/strong>, 2000 do\u011fumlu olup 25 ya\u015f\u0131ndad\u0131r. \u00c7ocuklu\u011funu ailesiyle birlikte \u0130sve\u00e7&#8217;te ge\u00e7irdi. Mutfak tutkusu hen\u00fcz k\u00fc\u00e7\u00fck ya\u015flarda filizlenen Canpunar, sadece dokuz ya\u015f\u0131ndayken ilk yemek denemelerine ba\u015flad\u0131. \u0130sve\u00e7&#8217;te ald\u0131\u011f\u0131 gastronomi e\u011fitiminin ard\u0131ndan kendini geli\u015ftirmek i\u00e7in Michelin y\u0131ld\u0131zl\u0131 restoranlarda staj yaparak profesyonel mutfak d\u00fcnyas\u0131na ad\u0131m att\u0131.<\/p>\n\n\n\n<p>Ayla Canpunar, 2021 y\u0131l\u0131nda kat\u0131ld\u0131\u011f\u0131 \u0130sve\u00e7 MasterChef yar\u0131\u015fmas\u0131nda g\u00f6sterdi\u011fi etkileyici performansla finale kadar y\u00fckselerek ikinci oldu. Yar\u0131\u015fman\u0131n ilk turunda sundu\u011fu Asya esintileri ta\u015f\u0131yan \u00f6zg\u00fcn karides taba\u011f\u0131, j\u00fcri \u00fcyeleri taraf\u0131ndan b\u00fcy\u00fck be\u011feni toplad\u0131. \u00dcnl\u00fc \u015fef Somer, bu tabak i\u00e7in &#8220;Ka\u015f\u0131\u011f\u0131 k\u0131l pay\u0131 ka\u00e7\u0131ran, lezzet dengesi m\u00fckemmel bir sunum&#8221; yorumunu yaparak Canpunar&#8217;\u0131n yetene\u011fini \u00f6ne \u00e7\u0131kard\u0131.<\/p>\n\n\n\n<p>Kariyerine h\u0131zla devam eden gen\u00e7 \u015fef, \u015fimdilerde \u0130skandinav ve Akdeniz mutfaklar\u0131n\u0131 harmanlayan \u00f6zg\u00fcn tarifleriyle gastronomi d\u00fcnyas\u0131nda ad\u0131ndan s\u00f6z ettiriyor..<\/p>\n","protected":false},"excerpt":{"rendered":"<p>Master\u015fef&#8216;te ana kadroya girmeye hak kazanan Ayla Canpunar kimdir? Ka\u00e7 ya\u015f\u0131nda nerelidir? \u00d6nceki g\u00fcn ki Master\u015fef ana kadroya girme yar\u0131\u015fmas\u0131nda 1. olarak ana kadroya giren 7. yar\u0131\u015fmac\u0131 hakk\u0131nda bilgiler \u015f\u00f6yle : Masterchef&#8217;te Ayla Canpunar, 2000 do\u011fumlu olup 25 ya\u015f\u0131ndad\u0131r. \u00c7ocuklu\u011funu ailesiyle birlikte \u0130sve\u00e7&#8217;te ge\u00e7irdi. Mutfak tutkusu hen\u00fcz k\u00fc\u00e7\u00fck ya\u015flarda filizlenen Canpunar, sadece dokuz ya\u015f\u0131ndayken ilk [&hellip;]<\/p>\n","protected":false},"author":1,"featured_media":8110,"comment_status":"open","ping_status":"open","sticky":false,"template":"","format":"standard","meta":{"footnotes":""},"categories":[64],"tags":[1522],"class_list":["post-4996","post","type-post","status-publish","format-standard","has-post-thumbnail","hentry","category-kimdir","tag-mastersef-ayla-kimdir"],"aioseo_notices":[],"_links":{"self":[{"href":"https:\/\/www.iyitarifler.com\/blog\/wp-json\/wp\/v2\/posts\/4996","targetHints":{"allow":["GET"]}}],"collection":[{"href":"https:\/\/www.iyitarifler.com\/blog\/wp-json\/wp\/v2\/posts"}],"about":[{"href":"https:\/\/www.iyitarifler.com\/blog\/wp-json\/wp\/v2\/types\/post"}],"author":[{"embeddable":true,"href":"https:\/\/www.iyitarifler.com\/blog\/wp-json\/wp\/v2\/users\/1"}],"replies":[{"embeddable":true,"href":"https:\/\/www.iyitarifler.com\/blog\/wp-json\/wp\/v2\/comments?post=4996"}],"version-history":[{"count":7,"href":"https:\/\/www.iyitarifler.com\/blog\/wp-json\/wp\/v2\/posts\/4996\/revisions"}],"predecessor-version":[{"id":15059,"href":"https:\/\/www.iyitarifler.com\/blog\/wp-json\/wp\/v2\/posts\/4996\/revisions\/15059"}],"wp:featuredmedia":[{"embeddable":true,"href":"https:\/\/www.iyitarifler.com\/blog\/wp-json\/wp\/v2\/media\/8110"}],"wp:attachment":[{"href":"https:\/\/www.iyitarifler.com\/blog\/wp-json\/wp\/v2\/media?parent=4996"}],"wp:term":[{"taxonomy":"category","embeddable":true,"href":"https:\/\/www.iyitarifler.com\/blog\/wp-json\/wp\/v2\/categories?post=4996"},{"taxonomy":"post_tag","embeddable":true,"href":"https:\/\/www.iyitarifler.com\/blog\/wp-json\/wp\/v2\/tags?post=4996"}],"curies":[{"name":"wp","href":"https:\/\/api.w.org\/{rel}","templated":true}]}}