{"id":5011,"date":"2025-07-28T15:54:15","date_gmt":"2025-07-28T15:54:15","guid":{"rendered":"https:\/\/www.iyitarifler.com\/blog\/?p=5011"},"modified":"2025-11-16T00:18:33","modified_gmt":"2025-11-16T00:18:33","slug":"biber-salcasi-nasil-yapilir","status":"publish","type":"post","link":"https:\/\/www.iyitarifler.com\/blog\/biber-salcasi-nasil-yapilir","title":{"rendered":"Biber Sal\u00e7as\u0131 Nas\u0131l Yap\u0131l\u0131r ?"},"content":{"rendered":"\n<p><strong><em>Biber Sal\u00e7as\u0131 Nas\u0131l Yap\u0131l\u0131r, <\/em><\/strong><em>Neler dikkat edilir, Biber sal\u00e7as\u0131<\/em>s\u0131 yap\u0131l\u0131\u015f a\u015famalar\u0131:<\/p>\n\n\n\n<p>Merhaba mevsim aylardan yaz ve Osmaniye&#8217;nin en s\u0131cak g\u00fcnlerinde k\u0131\u015fl\u0131k erzaklar\u0131m\u0131z yap\u0131l\u0131r..Bunlardan biridir biber sal\u00e7as\u0131. Osmaniye&#8217;nin vazge\u00e7ilmezidir. El yap\u0131m\u0131 sal\u00e7alar.. En az 50 kilo al\u0131n\u0131r ve kolu kom\u015fu ile b\u00fcy\u00fck bir yard\u0131mla\u015fma ortam\u0131 ile yap\u0131l\u0131r. Her evin balkonunda yada dam\u0131nda sinilere d\u00f6k\u00fclerek en az bir hafta i\u00e7inde i\u00e7ini \u00e7eke \u00e7eke g\u00fcne\u015fi yiye yiye mis gibi Osmaniye&#8217;nin her yan\u0131 sal\u00e7a kokar bu mevsimde.\u0130\u015fte sizlere \u015fimdi Biber Sal\u00e7as\u0131 nas\u0131l yap\u0131l\u0131r onu g\u00f6sterece\u011fiz..<\/p>\n\n\n\n<p>Biber sal\u00e7as\u0131 i\u00e7in MALZEMELER<br>1)En az iki \u00e7uval k\u0131rm\u0131z\u0131 sal\u00e7al\u0131k biber<\/p>\n\n\n\n<p>2)Elli kilo bibere bir bu\u00e7uk kilo tuz<\/p>\n\n\n\n<p>3) Sal\u00e7al\u0131k biberi y\u0131kamak i\u00e7in su<\/p>\n\n\n\n<p>4)Sal\u00e7ay\u0131 temizlemek i\u00e7in b\u0131\u00e7ak<\/p>\n\n\n\n<p>YAPILI\u015eI:<\/p>\n\n\n\n<p>Evet beyler bayanlar muhte\u015fem sal\u00e7am\u0131z\u0131 yapmaya haz\u0131r\u0131z. \u0130lk \u00f6nce biberleri yere d\u00f6keriz ve tek tek elimize al\u0131r ve i\u00e7ini b\u0131\u00e7ak yard\u0131m\u0131 ile g\u00fczelce bir oyar ve biberleri \u00e7ekirdeklerinden ay\u0131klar temizler ve le\u011fenlere yada bir kuru yere atar\u0131z.<\/p>\n\n\n\n\n\n<p>Temizleme i\u015flemini bu \u015fekilde en az be\u015f ald\u0131 ki\u015fi yard\u0131m\u0131 ile yapar\u0131z. Yukar\u0131da da dedim ya kom\u015fu dayan\u0131\u015fmas\u0131 i\u015fde budur diye. Ard\u0131ndan bir hortum yard\u0131m\u0131 ile temizlemi\u015f oldu\u011fumuz k\u0131rm\u0131z\u0131 biberleri y\u0131kamaya<\/p>\n\n\n\n\n\n<p>Sal\u00e7al\u0131k biberleri bir g\u00fczel le\u011fenlere su doldurarak ellerimiz ile temizlenen biberleri g\u00fczelce bir ovalayarak kirinden \u00e7amurundan ar\u0131nd\u0131ra ar\u0131nd\u0131ra y\u0131kar\u0131z ve<\/p>\n\n\n\n\n\n<p>Mahallelerde dola\u015fan biber sal\u00e7as\u0131 \u00e7eken sal\u00e7ac\u0131lar\u0131 arar ve sal\u00e7alar\u0131 \u00e7ektiririz. \u00c7ektirme i\u015fleminden sonra en zahmetli i\u015fe geldi helkelerle ve kovalarla sal\u00e7alar\u0131 d\u00f6kmeden evin en g\u00fcne\u015f alan yeri olan damlara \u00e7\u0131kart\u0131r ve evlerimizdeki d\u00fcz sini, tepsi ve naylonlar varsa ka\u011f\u0131t kutular\u0131n i\u00e7ine serer ve d\u00f6kmeden sal\u00e7alar\u0131 o g\u00fcne\u015fin ortas\u0131nda sereriz.<\/p>\n\n\n\n\n\n\n\n<p>Sal\u00e7alar\u0131 bir g\u00fczel serip d\u00f6\u015fedik den sonra tuzumuzu sal\u00e7aya ekler bir g\u00fczel kar\u0131\u015ft\u0131r\u0131r\u0131z.<\/p>\n\n\n\n\n\n<p>Evet de\u011ferli ziyaret\u00e7ilerimiz, g\u00f6r\u00fcyorsunuz de\u011fil mi? Sal\u00e7am\u0131z\u0131n rengi \u00f6z\u00fc ne kadar g\u00fczel g\u00f6r\u00fcn\u00fcyor.<\/p>\n\n\n\n<p>Sal\u00e7ay\u0131 g\u00fcnde en az d\u00f6rt be\u015f kez kar\u0131\u015ft\u0131r\u0131p y\u00fcz\u00fcn\u00fc g\u00fcne\u015fe yakt\u0131rmamam\u0131z laz\u0131m. Ayr\u0131ca en az ald\u0131 yedi g\u00fcn sal\u00e7am\u0131z\u0131 geceli g\u00fcnd\u00fczl\u00fc yerinden indirmeden ve gece ya\u011fmurdan koruyarak evden ayr\u0131lmadan ba\u015f\u0131n\u0131 bekleyerek sal\u00e7am\u0131z\u0131 kurutur ve bidonlara g\u00fcne\u015ften pi\u015fmi\u015f sal\u00e7alar\u0131 d\u00f6\u015feriz&#8230;<\/p>\n\n\n\n\n\n<p>G\u00f6rd\u00fc\u011f\u00fcn\u00fcz gibi sal\u00e7a yapmak ne kadar zahmetli ne kadar zor bir i\u015ftir. Ama ev yap\u0131m\u0131 sal\u00e7an\u0131n yerini hi\u00e7 bir \u015fey tutmuyor ve yeme\u011fe tad\u0131n\u0131 tuzunu veren yine Akdeniz b\u00f6lgesinde bu sal\u00e7ad\u0131r.<\/p>\n\n\n\n\n\n<p>NOT: Yeteri miktarda sal\u00e7aya tuz eklemezsek sal\u00e7a k\u00f6p\u00fcr\u00fcr ve ek\u015fir.<\/p>\n\n\n\n<p>AF\u0130YET OLSUN<\/p>\n\n\n\n<p>iyitarifler.com\/blog<\/p>\n","protected":false},"excerpt":{"rendered":"<p>Biber Sal\u00e7as\u0131 Nas\u0131l Yap\u0131l\u0131r, Neler dikkat edilir, Biber sal\u00e7as\u0131s\u0131 yap\u0131l\u0131\u015f a\u015famalar\u0131: Merhaba mevsim aylardan yaz ve Osmaniye&#8217;nin en s\u0131cak g\u00fcnlerinde k\u0131\u015fl\u0131k erzaklar\u0131m\u0131z yap\u0131l\u0131r..Bunlardan biridir biber sal\u00e7as\u0131. Osmaniye&#8217;nin vazge\u00e7ilmezidir. El yap\u0131m\u0131 sal\u00e7alar.. En az 50 kilo al\u0131n\u0131r ve kolu kom\u015fu ile b\u00fcy\u00fck bir yard\u0131mla\u015fma ortam\u0131 ile yap\u0131l\u0131r. Her evin balkonunda yada dam\u0131nda sinilere d\u00f6k\u00fclerek en az [&hellip;]<\/p>\n","protected":false},"author":1,"featured_media":0,"comment_status":"open","ping_status":"open","sticky":false,"template":"","format":"standard","meta":{"footnotes":""},"categories":[66],"tags":[],"class_list":["post-5011","post","type-post","status-publish","format-standard","hentry","category-nasil-yapilir"],"aioseo_notices":[],"_links":{"self":[{"href":"https:\/\/www.iyitarifler.com\/blog\/wp-json\/wp\/v2\/posts\/5011","targetHints":{"allow":["GET"]}}],"collection":[{"href":"https:\/\/www.iyitarifler.com\/blog\/wp-json\/wp\/v2\/posts"}],"about":[{"href":"https:\/\/www.iyitarifler.com\/blog\/wp-json\/wp\/v2\/types\/post"}],"author":[{"embeddable":true,"href":"https:\/\/www.iyitarifler.com\/blog\/wp-json\/wp\/v2\/users\/1"}],"replies":[{"embeddable":true,"href":"https:\/\/www.iyitarifler.com\/blog\/wp-json\/wp\/v2\/comments?post=5011"}],"version-history":[{"count":4,"href":"https:\/\/www.iyitarifler.com\/blog\/wp-json\/wp\/v2\/posts\/5011\/revisions"}],"predecessor-version":[{"id":14954,"href":"https:\/\/www.iyitarifler.com\/blog\/wp-json\/wp\/v2\/posts\/5011\/revisions\/14954"}],"wp:attachment":[{"href":"https:\/\/www.iyitarifler.com\/blog\/wp-json\/wp\/v2\/media?parent=5011"}],"wp:term":[{"taxonomy":"category","embeddable":true,"href":"https:\/\/www.iyitarifler.com\/blog\/wp-json\/wp\/v2\/categories?post=5011"},{"taxonomy":"post_tag","embeddable":true,"href":"https:\/\/www.iyitarifler.com\/blog\/wp-json\/wp\/v2\/tags?post=5011"}],"curies":[{"name":"wp","href":"https:\/\/api.w.org\/{rel}","templated":true}]}}